{"id":78,"date":"2014-06-24T01:05:07","date_gmt":"2014-06-24T01:05:07","guid":{"rendered":"https:\/\/puds.unr.edu.ar\/?p=78"},"modified":"2026-01-06T22:18:04","modified_gmt":"2026-01-06T22:18:04","slug":"grado","status":"publish","type":"post","link":"https:\/\/puds.unr.edu.ar\/?p=78","title":{"rendered":"Grado"},"content":{"rendered":"<h3><img loading=\"lazy\" decoding=\"async\" class=\"size-full wp-image-300 aligncenter\" src=\"https:\/\/puds.unr.edu.ar\/wp-content\/uploads\/2014\/06\/banner.png\" alt=\"banner\" width=\"562\" height=\"95\" srcset=\"https:\/\/puds.unr.edu.ar\/wp-content\/uploads\/2014\/06\/banner.png 562w, https:\/\/puds.unr.edu.ar\/wp-content\/uploads\/2014\/06\/banner-300x50.png 300w\" sizes=\"auto, (max-width: 562px) 100vw, 562px\" \/><\/h3>\n<h3>\u00a0<\/h3>\n<h3>2020<\/h3>\n<h6><span style=\"text-decoration: underline;\">Materia Optativa<\/span><\/h6>\n<p><em><span style=\"color: #222222;\"><a href=\"https:\/\/puds.unr.edu.ar\/wp-content\/uploads\/2020\/11\/PROGRAMA-Posporno-MatOpt-BArtes-2020.pdf\">POSPORNO<\/a>: Obra en (de)construcci\u00f3n. Corporalidad y performance en clave est\u00e9tico-pol\u00edtica<\/span><\/em><\/p>\n<div style=\"color: #222222;\">A cargo de: Javier Gasparri, Mauro Guzm\u00e1n, Didac Terre y Natalia Cocciarini<\/div>\n<h3>\u00a0<\/h3>\n<h3>2019<\/h3>\n<h6><span style=\"text-decoration: underline;\">Materia Optativa<\/span><\/h6>\n<p><em><span style=\"color: #222222;\"><a href=\"https:\/\/puds.unr.edu.ar\/wp-content\/uploads\/2020\/11\/PROGRAMA-Posporno-MatOpt-BArtes-2019-1.pdf\">POSPORNO<\/a>: Obra en (de)construcci\u00f3n. Corporalidad y performance en clave est\u00e9tico-pol\u00edtica<\/span><\/em><\/p>\n<div style=\"color: #222222;\">A cargo de: Javier Gasparri, Mauro Guzm\u00e1n y Didac Terre<\/div>\n<h6><span style=\"text-decoration: underline;\"><br \/>Materia Electiva<\/span><\/h6>\n<p><em><span style=\"color: #222222;\">Los <a href=\"https:\/\/puds.unr.edu.ar\/wp-content\/uploads\/2020\/11\/LCSexuados-2019.pdf\" target=\"_blank\" rel=\"noopener noreferrer\">Cuerpos<\/a> Sexuados bajo la mirada m\u00e9dica<\/span><\/em><\/p>\n<div style=\"color: #222222;\">A cargo de: Violeta Jardon, Didac Terre y Adri\u00e1n Zanuttini.<\/div>\n<div style=\"color: #222222;\">\n<h6><span style=\"text-decoration: underline;\"><br \/>Materia Optativa<\/span><\/h6>\n<p><em><span style=\"color: #222222;\"><a href=\"https:\/\/puds.unr.edu.ar\/wp-content\/uploads\/2020\/11\/Programa-2019-FCA.pdf\" target=\"_blank\" rel=\"noopener noreferrer\">Introducci\u00f3n<\/a> a la perspectiva de g\u00e9nero para la formaci\u00f3n profesional<\/span><\/em><\/p>\n<div style=\"color: #222222;\">Coordinada por: Paula Badaracco<br \/>Dictantes: Didac Terre y Adri\u00e1n Zanuttini.<\/div>\n<h6><span style=\"text-decoration: underline;\"><br \/>Seminario Electivo<\/span><\/h6>\n<\/div>\n<p><em><span style=\"color: #222222;\">Cuerpos, Subjetivad\u00a0y Derechos. El aborto en la lucha de las mujeres por el derecho a la salud<\/span><\/em><\/p>\n<div style=\"color: #222222;\">A cargo de: Julieta Micozzi y Federico Abib.<\/div>\n<h3>\u00a0<\/h3>\n<h3>2018<\/h3>\n<h6><span style=\"text-decoration: underline;\">Materia Optativa<\/span><\/h6>\n<p><em><span style=\"color: #222222;\"><a href=\"https:\/\/puds.unr.edu.ar\/wp-content\/uploads\/2020\/11\/PROGRAMA-Posporno-EBA.pdf\" target=\"_blank\" rel=\"noopener noreferrer\">POSPORNO<\/a>: Obra en (de)construcci\u00f3n. Corporalidad y performance en clave est\u00e9tico-pol\u00edtica<\/span><\/em><\/p>\n<div style=\"color: #222222;\">A cargo de: Javier Gasparri, Mauro Guzm\u00e1n y Didac Terre<\/div>\n<h6><span style=\"text-decoration: underline;\"><br \/>Materia Electiva<\/span><\/h6>\n<p><a href=\"https:\/\/puds.unr.edu.ar\/wp-content\/uploads\/2020\/11\/los-cuerpos-sexuados-bajo-la-mirada-medica.pdf\"><em><span style=\"color: #222222;\">Los Cuerpos Sexuados bajo la mirada m\u00e9dica<\/span><\/em><\/a><\/p>\n<div style=\"color: #222222;\">A cargo de: Violeta Jardon, Didac Terre y Adri\u00e1n Zanuttini.<\/div>\n<div style=\"color: #222222;\">\n<h6><span style=\"text-decoration: underline;\"><br \/>Materia Optativa<\/span><\/h6>\n<p><em><span style=\"color: #222222;\">Introducci\u00f3n a la perspectiva de g\u00e9nero para la formaci\u00f3n profesional<\/span><\/em><\/p>\n<div style=\"color: #222222;\">Coordinada por: <span style=\"font-size: inherit;\">Julieta L\u00e1zzari<\/span><br \/>Dictante: Violeta Federico Abib.<\/div>\n<h6><span style=\"text-decoration: underline;\"><br \/>Seminario Electivo<\/span><\/h6>\n<\/div>\n<p><em><span style=\"color: #222222;\"><span style=\"color: #222222;\">Cuerpos, Subjetivad\u00a0y Derechos. El aborto en la lucha de las mujeres por el derecho a la salud<\/span><\/span><\/em><\/p>\n<div style=\"color: #222222;\">A cargo de: Julieta Micozzi y Federico Abib.<\/div>\n<h3>\u00a0<\/h3>\n<h3>2017<\/h3>\n<h6><span style=\"text-decoration: underline;\">Materia Electiva<\/span><\/h6>\n<p><a href=\"https:\/\/puds.unr.edu.ar\/wp-content\/uploads\/2020\/11\/los-cuerpos-sexuados-bajo-la-mirada-medica.pdf\"><em><span style=\"color: #222222;\">Los Cuerpos Sexuados bajo la mirada m\u00e9dica<\/span><\/em><\/a><\/p>\n<div style=\"color: #222222;\">A cargo de: Violeta Jardon, Didac Terre y Adri\u00e1n Zanuttini.<\/div>\n<h6><span style=\"text-decoration: underline;\"><br \/>Seminario Orientado<\/span><\/h6>\n<p><em><span style=\"color: #222222;\">Introducci\u00f3n te\u00f3rico-cr\u00edtica a las perspectivas sexo-gen\u00e9ricas. Enfoques en la literatura argentina y latinoamericana<\/span><\/em><\/p>\n<div style=\"color: #222222;\">A cargo de: Javier Gasparri.\n<h5><span style=\"text-decoration-line: underline; color: inherit; font-size: 0.8em; font-weight: 600;\"><br \/>Seminario de Contenido Variable<\/span><\/h5>\n<\/div>\n<p><em><span style=\"color: #222222;\">Abordajes sobre &#8216;sujetos sexuales&#8217;: indagando herramientas te\u00f3rico-metodol\u00f3gicas<\/span><\/em><\/p>\n<div style=\"color: #222222;\">A cargo de: Violeta Jardon, Natalia Cocciarini y Virginia Esparza.<\/div>\n<h6><span style=\"text-decoration: underline;\"><br \/>Materia optativa<\/span><\/h6>\n<p><em><span style=\"color: #222222;\">Introducci\u00f3n a la perspectiva de g\u00e9nero para la formaci\u00f3n profesional<\/span><\/em><\/p>\n<div style=\"color: #222222;\">Coordinada por: <span style=\"font-size: inherit;\">Julieta L\u00e1zzari<\/span><br \/>Dictante: Violeta Federico Abib.<\/div>\n<h3>\u00a0<\/h3>\n<h3>2016<\/h3>\n<h6><span style=\"text-decoration: underline;\">Materia Electiva<\/span><\/h6>\n<p><a href=\"https:\/\/puds.unr.edu.ar\/wp-content\/uploads\/2020\/11\/los-cuerpos-sexuados-bajo-la-mirada-medica.pdf\"><em><span style=\"color: #222222;\">Los Cuerpos Sexuados bajo la mirada m\u00e9dica<\/span><\/em><\/a><\/p>\n<div style=\"color: #222222;\">A cargo de: Violeta Jardon, Didac Terre y Adri\u00e1n Zanuttini.<\/div>\n<h3>\u00a0<\/h3>\n<h3>2014<\/h3>\n<p><span style=\"text-decoration: underline;\"><a href=\"https:\/\/puds.unr.edu.ar\/wp-content\/uploads\/2014\/07\/Programa-adultos-mayores-sex-lit-14.pdf\" target=\"_blank\" rel=\"noopener noreferrer\"><span style=\"font-weight: bold;\">Unidad Electiva Te\u00f3rico-Metodol\u00f3gica y\/o Tem\u00e1tica<\/span>\u00a0<\/a><\/span><\/p>\n<p><em><span style=\"color: #222222;\">Diversidad sexual, genealog\u00eda y dispositivos<\/span><\/em><\/p>\n<div style=\"color: #222222;\">A cargo de: Guillermo Lovagnini\/ Violeta Jardon<\/div>\n<div style=\"color: #222222;\">Colaboradores: Federico Abib, Marianela Cocciarini, Virginia Sparza.<\/div>\n<h3>\u00a0<\/h3>\n<h3>2012<\/h3>\n<h6><span style=\"text-decoration: underline;\">Unidad Electiva Te\u00f3rico-Metodol\u00f3gica y\/o Tem\u00e1tica<\/span><\/h6>\n<p><a href=\"https:\/\/puds.unr.edu.ar\/wp-content\/uploads\/2014\/07\/prgrama-UE-2010.pdf\" target=\"_blank\" rel=\"noopener noreferrer\"><em>Teor\u00eda Queer: \u00bfun nuevo sujeto pol\u00edtico?<\/em><\/a><\/p>\n<div style=\"color: #222222;\">A cargo de: Guillermo Lovagnini\/ Violeta Jardon<\/div>\n<div style=\"color: #222222;\">Colaboradores:\u00a0Natalia Cocciarini\/Marianela Cocciarini\/Federico Abib\/Ver\u00f3nica Correa<\/div>\n<h3>\u00a0<\/h3>\n<h3>2011<\/h3>\n<h6><span style=\"text-decoration: underline;\">Seminario Orientado<\/span><\/h6>\n<p><a href=\"https:\/\/puds.unr.edu.ar\/wp-content\/uploads\/2014\/07\/Programa-Seminario-Gasparri-Mart\u00ed-2011.pdf\" target=\"_blank\" rel=\"noopener noreferrer\"><em>Sexualidades Literarias, el erotismo en la Literatura Antigua y la diversidad sexual den la Literatura Argentina Contempor\u00e1nea a trav\u00e9s de la Teor\u00eda Queer. Una Comparativa.<\/em><\/a><\/p>\n<p>A cargo de: Javier Gasparri\/Mar\u00eda Eugenia Mart\u00ed<\/p>\n<h3>\u00a0<\/h3>\n<h3>2010<\/h3>\n<h6><span style=\"text-decoration: underline;\">Unidad Electiva Te\u00f3rico-Metodol\u00f3gica y\/o Tem\u00e1tica<\/span><\/h6>\n<p><a href=\"https:\/\/puds.unr.edu.ar\/wp-content\/uploads\/2014\/07\/prgrama-UE-2010.pdf\" target=\"_blank\" rel=\"noopener noreferrer\"><em>La dimensi\u00f3n Pol\u00edtica de la Diversidad Sexual<\/em><\/a><\/p>\n<div style=\"color: #222222;\">A cargo de: Guillermo Lovagnini\/ Violeta Jardon<\/div>\n<div style=\"color: #222222;\">Colaboradores:\u00a0Natalia Cocciarini\/Carolina Zoppi\/Marianela Cocciarini\/Federico Abib\/Ver\u00f3nica Correa<\/div>\n<h3>\u00a0<\/h3>\n<h3 style=\"text-align: left;\">2009<\/h3>\n<h6><span style=\"text-decoration: underline;\">Unidad Electiva Te\u00f3rico-Metodol\u00f3gica\u00a0y\/o\u00a0Tem\u00e1tica<\/span><\/h6>\n<p><a href=\"https:\/\/puds.unr.edu.ar\/wp-content\/uploads\/2014\/07\/Programa-2009.pdf\" target=\"_blank\" rel=\"noopener noreferrer\"><em>La Problem\u00e1tica de la Diversidad Sexual y la Historia\u00a0<\/em><\/a><\/p>\n<p>A cargo de:\u00a0Guillermo Enrique Lovagnini\/ Violeta Jard\u00f3n\/Federico Abib<\/p>\n\n\n<p><\/p>\n","protected":false},"excerpt":{"rendered":"<p>\u00a0 2020 Materia Optativa POSPORNO: Obra en (de)construcci\u00f3n. Corporalidad y performance en clave est\u00e9tico-pol\u00edtica A cargo de: Javier Gasparri, Mauro Guzm\u00e1n, Didac Terre y Natalia Cocciarini \u00a0 2019 Materia Optativa POSPORNO: Obra en (de)construcci\u00f3n. Corporalidad y performance en clave est\u00e9tico-pol\u00edtica A cargo de: Javier Gasparri, Mauro Guzm\u00e1n y Didac Terre &#8230;<\/p>\n","protected":false},"author":1,"featured_media":0,"comment_status":"closed","ping_status":"closed","sticky":false,"template":"","format":"standard","meta":{"footnotes":""},"categories":[13],"tags":[15],"class_list":["post-78","post","type-post","status-publish","format-standard","hentry","category-cursos","tag-grado"],"_links":{"self":[{"href":"https:\/\/puds.unr.edu.ar\/index.php?rest_route=\/wp\/v2\/posts\/78","targetHints":{"allow":["GET"]}}],"collection":[{"href":"https:\/\/puds.unr.edu.ar\/index.php?rest_route=\/wp\/v2\/posts"}],"about":[{"href":"https:\/\/puds.unr.edu.ar\/index.php?rest_route=\/wp\/v2\/types\/post"}],"author":[{"embeddable":true,"href":"https:\/\/puds.unr.edu.ar\/index.php?rest_route=\/wp\/v2\/users\/1"}],"replies":[{"embeddable":true,"href":"https:\/\/puds.unr.edu.ar\/index.php?rest_route=%2Fwp%2Fv2%2Fcomments&post=78"}],"version-history":[{"count":23,"href":"https:\/\/puds.unr.edu.ar\/index.php?rest_route=\/wp\/v2\/posts\/78\/revisions"}],"predecessor-version":[{"id":1246,"href":"https:\/\/puds.unr.edu.ar\/index.php?rest_route=\/wp\/v2\/posts\/78\/revisions\/1246"}],"wp:attachment":[{"href":"https:\/\/puds.unr.edu.ar\/index.php?rest_route=%2Fwp%2Fv2%2Fmedia&parent=78"}],"wp:term":[{"taxonomy":"category","embeddable":true,"href":"https:\/\/puds.unr.edu.ar\/index.php?rest_route=%2Fwp%2Fv2%2Fcategories&post=78"},{"taxonomy":"post_tag","embeddable":true,"href":"https:\/\/puds.unr.edu.ar\/index.php?rest_route=%2Fwp%2Fv2%2Ftags&post=78"}],"curies":[{"name":"wp","href":"https:\/\/api.w.org\/{rel}","templated":true}]}}